{"id":123,"date":"2023-12-07T13:26:09","date_gmt":"2023-12-07T13:26:09","guid":{"rendered":"https:\/\/afriksante.org\/?p=123"},"modified":"2023-12-07T13:26:09","modified_gmt":"2023-12-07T13:26:09","slug":"si-nous-nagissons-pas-les-changements-climatiques-conduiront-bientot-a-la-submersion-des-systemes-de-sante-du-monde-entier","status":"publish","type":"post","link":"https:\/\/afriksante.org\/index.php\/2023\/12\/07\/si-nous-nagissons-pas-les-changements-climatiques-conduiront-bientot-a-la-submersion-des-systemes-de-sante-du-monde-entier\/","title":{"rendered":"\u00ab\u00a0Si nous n\u2019agissons pas, les changements climatiques conduiront bient\u00f4t \u00e0 la submersion des syst\u00e8mes de sant\u00e9 du monde entier\u00a0\u00bb"},"content":{"rendered":"<p class=\"article__desc article__desc--opinion\" style=\"text-align: justify;\">Le directeur g\u00e9n\u00e9ral de l\u2019OMS, le pr\u00e9sident de la COP28 et l\u2019envoy\u00e9e sp\u00e9ciale de l\u2019OMS pour les changements climatiques et la sant\u00e9 alertent, dans une tribune au \u00ab\u00a0Monde\u00a0\u00bb, sur l\u2019impact majeur que les changements climatiques pourraient avoir sur la sant\u00e9 et appellent \u00e0 prendre des mesures fortes lors de la Journ\u00e9e de la sant\u00e9, qui se tiendra le 3\u00a0d\u00e9cembre.<strong><br \/>\nVous pouvez partager un article en cliquant sur les ic\u00f4nes de partage en haut \u00e0 droite de celui-ci.<\/p>\n<p><\/strong><\/p>\n<p class=\"article__paragraph \" style=\"text-align: justify;\"><span class=\"article__inner\">F<\/span>ace \u00e0 l\u2019une des plus grandes menaces qui p\u00e8sent sur la sant\u00e9 de l\u2019humanit\u00e9, l\u2019objectif imp\u00e9rieux de mettre en \u0153uvre, de toute urgence, des mesures de lutte contre les changements climatiques n\u2019est toujours pas atteint. Les changements climatiques sont r\u00e9els et actuels, et leurs effets se font sentir dans le monde entier.<\/p>\n<p class=\"article__paragraph \" style=\"text-align: justify;\">L\u2019Organisation mondiale de la sant\u00e9 (OMS) estime qu\u2019un d\u00e9c\u00e8s sur quatre \u2013 un chiffre colossal \u2013 peut \u00eatre attribu\u00e9 \u00e0 des causes environnementales \u00e9vitables, et que les changements climatiques exacerbent ces risques. Les changements climatiques posent une multitude de d\u00e9fis complexes en mati\u00e8re de sant\u00e9, allant des ph\u00e9nom\u00e8nes m\u00e9t\u00e9orologiques extr\u00eames \u00e0 la propagation des maladies infectieuses en passant par l\u2019exacerbation des maladies chroniques.<\/p>\n<p class=\"article__paragraph \" style=\"text-align: justify;\">Nous ne pouvons les \u00e9viter par un vaccin ni les traiter par un antibiotique. Mais nous savons que nous pouvons en att\u00e9nuer les effets. Il est essentiel de r\u00e9duire les \u00e9missions \u00e0 effet de serre dans tous les secteurs pour limiter les changements climatiques et faire en sorte que l\u2019objectif de 1,5\u00a0\u00b0C reste atteignable. Pour ce faire, nous devons d\u00e9carboner nos syst\u00e8mes \u00e9nerg\u00e9tiques et r\u00e9duire nos \u00e9missions d\u2019au moins 43\u00a0% au cours des sept prochaines ann\u00e9es.<\/p>\n<h2 class=\"article__sub-title\" style=\"text-align: justify;\">Il y a un lien entre la sant\u00e9 et les changements climatiques<\/h2>\n<p class=\"article__paragraph \" style=\"text-align: justify;\">En\u00a02030, si nous n\u2019agissons pas, les changements climatiques conduiront bient\u00f4t \u00e0 la submersion des syst\u00e8mes de sant\u00e9 du monde entier. Les ph\u00e9nom\u00e8nes m\u00e9t\u00e9orologiques extr\u00eames \u2013 comme les s\u00e9cheresses, les inondations et les vagues de chaleur \u2013 augmenteront en fr\u00e9quence et en gravit\u00e9 \u00e0 mesure que la plan\u00e8te se r\u00e9chauffera. Par exemple, les inondations qui ont frapp\u00e9 le Pakistan en\u00a02022\u00a0ont touch\u00e9 33\u00a0millions d\u2019individus au total, dont huit millions qui ont \u00e9t\u00e9 d\u00e9plac\u00e9s.<\/p>\n<div id=\"inread_top\" class=\"dfp-slot dfp__slot dfp__inread\" style=\"text-align: justify;\" data-format=\"inread_top\" aria-hidden=\"true\" data-google-query-id=\"CMSopqe2_YIDFSCXJwIdkGEByA\">\n<div id=\"google_ads_iframe_\/128139881\/LM_lemonde\/idees\/idees\/article\/inread_top_0__container__\"><\/div>\n<\/div>\n<p class=\"article__paragraph \" style=\"text-align: justify;\">Nous savons que le pire est \u00e0 venir. La Banque mondiale estime que, si nous ne prenons pas de mesures audacieuses de toute urgence, les changements climatiques entra\u00eeneront le d\u00e9placement d\u2019environ 216\u00a0millions de personnes d\u2019ici \u00e0 2050. Les changements climatiques mettent en p\u00e9ril des vies et des moyens de subsistance alors que les syst\u00e8mes alimentaires mondiaux peinent \u00e0 nourrir un monde en pleine croissance et que les sources d\u2019eau sont compromises. Ils provoquent aussi une recrudescence des maladies infectieuses comme la dengue et le chol\u00e9ra, qui mettent en danger des millions de personnes.<\/p>\n<p class=\"article__paragraph \" style=\"text-align: justify;\">Les mesures visant \u00e0 r\u00e9duire les \u00e9missions \u00e0 effet de serre peuvent<\/p>\n","protected":false},"excerpt":{"rendered":"<p class=\"text-justify mb-2\" >Le directeur g\u00e9n\u00e9ral de l\u2019OMS, le pr\u00e9sident de la COP28 et l\u2019envoy\u00e9e sp\u00e9ciale de l\u2019OMS pour les changements climatiques et la sant\u00e9 alertent, dans une tribune au \u00ab\u00a0Monde\u00a0\u00bb, sur l\u2019impact majeur que les changements climatiques pourraient avoir sur la sant\u00e9 et appellent \u00e0 prendre des [&hellip;]<\/p>\n","protected":false},"author":1,"featured_media":124,"comment_status":"open","ping_status":"open","sticky":false,"template":"","format":"standard","meta":{"footnotes":""},"categories":[30],"tags":[63,64],"class_list":["post-123","post","type-post","status-publish","format-standard","has-post-thumbnail","hentry","category-international","tag-si-nous-nagissons-pas","tag-les-changements-climatiques-conduiront-bientot-a-la-submersion-des-systemes-de-sante-du-monde-entier"],"_links":{"self":[{"href":"https:\/\/afriksante.org\/index.php\/wp-json\/wp\/v2\/posts\/123","targetHints":{"allow":["GET"]}}],"collection":[{"href":"https:\/\/afriksante.org\/index.php\/wp-json\/wp\/v2\/posts"}],"about":[{"href":"https:\/\/afriksante.org\/index.php\/wp-json\/wp\/v2\/types\/post"}],"author":[{"embeddable":true,"href":"https:\/\/afriksante.org\/index.php\/wp-json\/wp\/v2\/users\/1"}],"replies":[{"embeddable":true,"href":"https:\/\/afriksante.org\/index.php\/wp-json\/wp\/v2\/comments?post=123"}],"version-history":[{"count":1,"href":"https:\/\/afriksante.org\/index.php\/wp-json\/wp\/v2\/posts\/123\/revisions"}],"predecessor-version":[{"id":125,"href":"https:\/\/afriksante.org\/index.php\/wp-json\/wp\/v2\/posts\/123\/revisions\/125"}],"wp:featuredmedia":[{"embeddable":true,"href":"https:\/\/afriksante.org\/index.php\/wp-json\/wp\/v2\/media\/124"}],"wp:attachment":[{"href":"https:\/\/afriksante.org\/index.php\/wp-json\/wp\/v2\/media?parent=123"}],"wp:term":[{"taxonomy":"category","embeddable":true,"href":"https:\/\/afriksante.org\/index.php\/wp-json\/wp\/v2\/categories?post=123"},{"taxonomy":"post_tag","embeddable":true,"href":"https:\/\/afriksante.org\/index.php\/wp-json\/wp\/v2\/tags?post=123"}],"curies":[{"name":"wp","href":"https:\/\/api.w.org\/{rel}","templated":true}]}}