{"id":253,"date":"2023-12-15T15:31:05","date_gmt":"2023-12-15T15:31:05","guid":{"rendered":"https:\/\/afriksante.org\/?p=253"},"modified":"2023-12-22T16:15:15","modified_gmt":"2023-12-22T16:15:15","slug":"pour-une-meilleure-prise-en-charge-des-epidemies-ou-de-routine-le-pr-amadou-mactar-dieye-liste-les-besoins-en-laboratoire","status":"publish","type":"post","link":"https:\/\/afriksante.org\/index.php\/2023\/12\/15\/pour-une-meilleure-prise-en-charge-des-epidemies-ou-de-routine-le-pr-amadou-mactar-dieye-liste-les-besoins-en-laboratoire\/","title":{"rendered":"Pour une meilleure prise en charge des \u00e9pid\u00e9mies ou de routine \/ Le Pr Amadou Mactar Di\u00e8ye liste les besoins en laboratoire"},"content":{"rendered":"<h3 style=\"text-align: justify;\"><strong>Le S\u00e9n\u00e9gal doit arriver \u00e0 cr\u00e9er un laboratoire d\u2019excellence par r\u00e9gion, une structure vitale qui va permettre de mieux d\u00e9centraliser les soins. Telle est la proposition du Pr Amadou Mactar Di\u00e8ye, administrateur des laboratoires du S\u00e9n\u00e9gal qu\u2019il a \u00e9mise lors des lors des journ\u00e9es scientifiques du Sida (Jss).<\/strong><\/h3>\n<p style=\"text-align: justify;\"><strong>\u00a0<\/strong>En s\u2019exprimant sur cette question, l\u2019administrateur des laboratoires au S\u00e9n\u00e9gal a fait remarquer que l\u2019id\u00e9e \u00e9tant de se pr\u00e9parer en cas d\u2019\u00e9pid\u00e9mie. Car de l\u2019avis du Pr Di\u00e8ye, la fiabilit\u00e9 des r\u00e9sultats des examens m\u00e9dicaux \u00e9mane des laboratoires sachant qu\u2019un diagnostic m\u00e9dical peut \u00eatre infirme par ceux-ci. Le laboratoire permet \u00e9galement de certifier la gu\u00e9rison. Et d\u2019apr\u00e8s l\u2019administrateur \u00ab <em>un syst\u00e8me efficace passe par l\u2019existence de laboratoires d\u2019excellence qui permet de d\u00e9centraliser les analyses compte tenu de son co\u00fbt estim\u00e9 \u00e0 500 millions FCFA<\/em> \u00bb. Ce programme de d\u00e9veloppement des laboratoires d\u2019excellence en cas d\u2019\u00e9pid\u00e9mies ou de prise en charge de routine peut \u00eatre explor\u00e9 gr\u00e2ce au partenariat public priv\u00e9 a encore inform\u00e9 le Pr Di\u00e8ye. Qui alerte qu\u2019il y a n\u00e9cessit\u00e9 de travailler sur la surveillance, la d\u00e9tection, la pr\u00e9vention et la prise en charge. Poursuivant son speech, l\u2019administrateur des laboratoires du S\u00e9n\u00e9gal a estim\u00e9 l\u2019urgence de disposer d\u2019infrastructures et d\u2019\u00e9quipements tels que des hermocycleurs, s\u00e9quenceurs. Ensuite, il est revenu sur le r\u00f4le du laboratoire qui est \u00e9galement de produire des vaccins par lots et certifi\u00e9s pour r\u00e9pondre aux normes. \u00ab\u00a0Le laboratoire donne des \u00e9l\u00e9ments cl\u00e9s en termes de d\u00e9marche qualit\u00e9\u00a0\u00bb a-t-il conclu.<\/p>\n<p style=\"text-align: justify;\"><strong>\u00a0 \u00a0 \u00a0 \u00a0 \u00a0 \u00a0 \u00a0 \u00a0 \u00a0 \u00a0 \u00a0 \u00a0 \u00a0 \u00a0 \u00a0 \u00a0 \u00a0 \u00a0 \u00a0 \u00a0 \u00a0 \u00a0 \u00a0 \u00a0 \u00a0 \u00a0 \u00a0 \u00a0 \u00a0 \u00a0 \u00a0 \u00a0 \u00a0 \u00a0 \u00a0 \u00a0 \u00a0 \u00a0 \u00a0 \u00a0 \u00a0 \u00a0 \u00a0 \u00a0 \u00a0 \u00a0 \u00a0 \u00a0 \u00a0 \u00a0 \u00a0 \u00a0 \u00a0 \u00a0 \u00a0 \u00a0 \u00a0 \u00a0 \u00a0 \u00a0 \u00a0 \u00a0 \u00a0 \u00a0 \u00a0 \u00a0 \u00a0 \u00a0 \u00a0 \u00a0 \u00a0 \u00a0 \u00a0 \u00a0 \u00a0 \u00a0 \u00a0 \u00a0 \u00a0 \u00a0 \u00a0 \u00a0 \u00a0 \u00a0 Ibrahima DIOP<\/strong><\/p>\n<p style=\"text-align: justify;\">\n","protected":false},"excerpt":{"rendered":"<p class=\"text-justify mb-2\" >Le S\u00e9n\u00e9gal doit arriver \u00e0 cr\u00e9er un laboratoire d\u2019excellence par r\u00e9gion, une structure vitale qui va permettre de mieux d\u00e9centraliser les soins. Telle est la proposition du Pr Amadou Mactar Di\u00e8ye, administrateur des laboratoires du S\u00e9n\u00e9gal qu\u2019il a \u00e9mise lors des lors des journ\u00e9es scientifiques [&hellip;]<\/p>\n","protected":false},"author":4,"featured_media":254,"comment_status":"open","ping_status":"open","sticky":false,"template":"","format":"standard","meta":{"footnotes":""},"categories":[26],"tags":[141,143,139,85,144,142,137,138,140],"class_list":["post-253","post","type-post","status-publish","format-standard","has-post-thumbnail","hentry","category-sida","tag-amadou-mactar-dieye","tag-besoins","tag-charge","tag-epidemies","tag-laboratoire","tag-liste","tag-meilleure","tag-prise","tag-routine"],"_links":{"self":[{"href":"https:\/\/afriksante.org\/index.php\/wp-json\/wp\/v2\/posts\/253","targetHints":{"allow":["GET"]}}],"collection":[{"href":"https:\/\/afriksante.org\/index.php\/wp-json\/wp\/v2\/posts"}],"about":[{"href":"https:\/\/afriksante.org\/index.php\/wp-json\/wp\/v2\/types\/post"}],"author":[{"embeddable":true,"href":"https:\/\/afriksante.org\/index.php\/wp-json\/wp\/v2\/users\/4"}],"replies":[{"embeddable":true,"href":"https:\/\/afriksante.org\/index.php\/wp-json\/wp\/v2\/comments?post=253"}],"version-history":[{"count":3,"href":"https:\/\/afriksante.org\/index.php\/wp-json\/wp\/v2\/posts\/253\/revisions"}],"predecessor-version":[{"id":264,"href":"https:\/\/afriksante.org\/index.php\/wp-json\/wp\/v2\/posts\/253\/revisions\/264"}],"wp:featuredmedia":[{"embeddable":true,"href":"https:\/\/afriksante.org\/index.php\/wp-json\/wp\/v2\/media\/254"}],"wp:attachment":[{"href":"https:\/\/afriksante.org\/index.php\/wp-json\/wp\/v2\/media?parent=253"}],"wp:term":[{"taxonomy":"category","embeddable":true,"href":"https:\/\/afriksante.org\/index.php\/wp-json\/wp\/v2\/categories?post=253"},{"taxonomy":"post_tag","embeddable":true,"href":"https:\/\/afriksante.org\/index.php\/wp-json\/wp\/v2\/tags?post=253"}],"curies":[{"name":"wp","href":"https:\/\/api.w.org\/{rel}","templated":true}]}}