{"id":91,"date":"2023-12-07T13:06:46","date_gmt":"2023-12-07T13:06:46","guid":{"rendered":"https:\/\/afriksante.org\/?p=91"},"modified":"2023-12-07T13:06:46","modified_gmt":"2023-12-07T13:06:46","slug":"maladies-non-transmissibles-les-experts-predisent-12-000-nouveaux-cas-de-cancer-chaque-annee-au-senegal","status":"publish","type":"post","link":"https:\/\/afriksante.org\/index.php\/2023\/12\/07\/maladies-non-transmissibles-les-experts-predisent-12-000-nouveaux-cas-de-cancer-chaque-annee-au-senegal\/","title":{"rendered":"Maladies non-transmissibles : les experts pr\u00e9disent 12. 000 nouveaux cas de cancer chaque ann\u00e9e au S\u00e9n\u00e9gal"},"content":{"rendered":"<div id=\"para_1\" class=\"para_52590714 resize\">\n<div class=\"texte\">\n<div class=\"access firstletter\" style=\"text-align: justify;\">La 6e \u00e9dition du Forum Galien Afrique se tiendra en terre s\u00e9n\u00e9galaise, du 3 au 7 octobre 2023, sous le parrainage de Macky Sall, pr\u00e9sident de la R\u00e9publique du S\u00e9n\u00e9gal. Positionn\u00e9 comme un cadre d&rsquo;\u00e9changes et de partage d&rsquo;exp\u00e9riences de haut niveau sur des questions d&rsquo;int\u00e9r\u00eat commun face aux probl\u00e9matiques majeures de sant\u00e9 publique, l&rsquo;\u00e9dition 2023 du Forum a pour th\u00e8me principal : \u00ab Maladies non-transmissibles : l\u2019Afrique en lutte !\u00bb. Selon les experts pas moins de 12 mille nouveaux cas de cancer sont attendus chaque ann\u00e9e au S\u00e9n\u00e9gal si rien n\u2019est fait.<\/p>\n<p>\u00ab La nouvelle \u00e9pid\u00e9mie, le danger rampant, le fl\u00e9au silencieux en 2023 s\u2019appelle maladie non-transmissible. Paradoxalement, les facteurs de risques sont \u00e0 nos port\u00e9s ou semblent \u00eatre \u00e0 nos port\u00e9s. Parce qu\u2019ils sont essentiellement d\u2019ordre comportemental. Quelle que soit la cause, les 45 et 46 % des d\u00e9c\u00e8s en 2022 \u00e9taient li\u00e9s aux maladies non-transmissibles. 18 millions de d\u00e9c\u00e8s soit 1 d\u00e9c\u00e8s sur 3 est d\u00fb \u00e0 la maladie cardiale vasculaire. 9 millions de d\u00e9c\u00e8s, soit 1 d\u00e9c\u00e8s sur 6 est d\u00fb au cancer. 8 millions de d\u00e9c\u00e8s est d\u00fb au tabagisme. Ce qui est plus triste encore dans ces 8 millions de d\u00e9c\u00e8s, 1 millions 200 mille d\u00e9c\u00e8s sont d\u00fb au tabagisme passif. C\u2019est-\u00e0-dire, je ne fume pas, mais la personne qui fume \u00e0 c\u00f4t\u00e9 de moi, a fait que je suis devenu tabagique et je suis mort de ce tabagisme. Pr\u00e8s de 30 % de la population s\u00e9n\u00e9galais, souffre d\u2019hypertension art\u00e9rielle. Nous n\u2019attendons pas moins de 12 mille nouveaux cas de cancer chaque ann\u00e9e au S\u00e9n\u00e9gal si rien n\u2019est fait \u00bb, a d\u00e9clar\u00e9 le Pr Ibrahima Seck secr\u00e9taire g\u00e9n\u00e9ral de l\u2019association Galien Africa.<\/p>\n<p>Pour le docteur Amadou Gallo Diop enseignant chercheur \u00e0 la Facult\u00e9 de M\u00e9decine de Pharmacie et d&rsquo;Odonto-stomatologie de l&rsquo;Universit\u00e9 Cheikh Anta Diop, \u00ab plus de 50 % des patients que vous allez voir faire de dialyser, de chimioth\u00e9rapie, canc\u00e9reux, victime d\u2019AVC on moyen de 50 ans. Mes adductions sont descendues maintenant jusqu\u2019\u00e0 5 \u2013 6 ans. Notamment des adductions aux \u00e9crans qui sont en train d\u2019installer de nouvelles pathologies cognitive, mentale et intellectuelle chez de tr\u00e8s jeunes enfants. L\u2019acc\u00e8s \u00e0 l\u2019alcool, au tabac, et a d\u2019autres substances nocives est devenu extr\u00eamement facile aux alentours de tous les lyc\u00e9es et coll\u00e8ges d\u2019Afrique \u00bb.<\/p>\n<p>Abondant dans le m\u00eame sens, le Professeur Awa Marie Coll-Seck, ministre d&rsquo;\u00c9tat du pr\u00e9sident de la R\u00e9publique du S\u00e9n\u00e9gal. \u00ab Aujourd\u2019hui en Afrique il y a une \u00e9pid\u00e9mie silencieuse, une \u00e9pid\u00e9mie des maladies non-transmissibles. Le diab\u00e8te, l\u2019hypertension art\u00e9rielle, les maladies cardiovasculaires en g\u00e9n\u00e9ral. Il y a \u00e9norm\u00e9ment de cas de maladie li\u00e9 \u00e0 un comportement qui a \u00e9t\u00e9 \u00e0 l\u2019origine de ces maladies \u00bb, note la Pr\u00e9sidente du comit\u00e9 scientifique du Forum Galien Afrique, invite \u00e0 se rendre \u00e0 l\u2019\u00e9vidence.<\/p>\n<p>Plus de 3 000 participants sont attendus du monde entier. Qu&rsquo;ils soient r\u00e9cipiendaires du Prix Nobel, leaders politiques, experts, chercheurs, \u00e9tudiants, leaders communautaires, m\u00e9decins, sociaux anthropologues, biologistes, innovateurs, investisseurs, organisations internationales, soci\u00e9t\u00e9 civile, secteur priv\u00e9, etc. Ils pourront suivre de mani\u00e8re hybride (pr\u00e9sentielle et virtuelle) les experts d&rsquo;ob\u00e9dience internationaux qui prendront la parole sur les diff\u00e9rentes th\u00e9matiques.<\/p><\/div>\n<\/div>\n<div class=\"clear\" style=\"text-align: justify;\"><\/div>\n<\/div>\n<p style=\"text-align: justify;\">\n<div class=\"center\" style=\"text-align: justify;\">\n<div id=\"video_52591403_3174151\" class=\"center\"><iframe loading=\"lazy\" title=\"YouTube video player\" src=\"https:\/\/www.youtube.com\/embed\/g8k_yz8GJSo?si=uAbo7iLrhlP5kLUa\" width=\"560\" height=\"315\" frameborder=\"0\" allowfullscreen=\"allowfullscreen\" data-mce-fragment=\"1\"><\/iframe><\/div>\n<\/div>\n","protected":false},"excerpt":{"rendered":"<p class=\"text-justify mb-2\" >La 6e \u00e9dition du Forum Galien Afrique se tiendra en terre s\u00e9n\u00e9galaise, du 3 au 7 octobre 2023, sous le parrainage de Macky Sall, pr\u00e9sident de la R\u00e9publique du S\u00e9n\u00e9gal. Positionn\u00e9 comme un cadre d&rsquo;\u00e9changes et de partage d&rsquo;exp\u00e9riences de haut niveau sur des questions [&hellip;]<\/p>\n","protected":false},"author":1,"featured_media":92,"comment_status":"open","ping_status":"open","sticky":false,"template":"","format":"standard","meta":{"footnotes":""},"categories":[29],"tags":[47],"class_list":["post-91","post","type-post","status-publish","format-standard","has-post-thumbnail","hentry","category-maladies-non-transmissibles","tag-maladies-non-transmissibles-les-experts-predisent-12-000-nouveaux-cas-de-cancer-chaque-annee-au-senegal"],"_links":{"self":[{"href":"https:\/\/afriksante.org\/index.php\/wp-json\/wp\/v2\/posts\/91","targetHints":{"allow":["GET"]}}],"collection":[{"href":"https:\/\/afriksante.org\/index.php\/wp-json\/wp\/v2\/posts"}],"about":[{"href":"https:\/\/afriksante.org\/index.php\/wp-json\/wp\/v2\/types\/post"}],"author":[{"embeddable":true,"href":"https:\/\/afriksante.org\/index.php\/wp-json\/wp\/v2\/users\/1"}],"replies":[{"embeddable":true,"href":"https:\/\/afriksante.org\/index.php\/wp-json\/wp\/v2\/comments?post=91"}],"version-history":[{"count":1,"href":"https:\/\/afriksante.org\/index.php\/wp-json\/wp\/v2\/posts\/91\/revisions"}],"predecessor-version":[{"id":93,"href":"https:\/\/afriksante.org\/index.php\/wp-json\/wp\/v2\/posts\/91\/revisions\/93"}],"wp:featuredmedia":[{"embeddable":true,"href":"https:\/\/afriksante.org\/index.php\/wp-json\/wp\/v2\/media\/92"}],"wp:attachment":[{"href":"https:\/\/afriksante.org\/index.php\/wp-json\/wp\/v2\/media?parent=91"}],"wp:term":[{"taxonomy":"category","embeddable":true,"href":"https:\/\/afriksante.org\/index.php\/wp-json\/wp\/v2\/categories?post=91"},{"taxonomy":"post_tag","embeddable":true,"href":"https:\/\/afriksante.org\/index.php\/wp-json\/wp\/v2\/tags?post=91"}],"curies":[{"name":"wp","href":"https:\/\/api.w.org\/{rel}","templated":true}]}}